{"id":1045,"date":"2016-02-15T06:46:02","date_gmt":"2016-02-15T06:46:02","guid":{"rendered":"http:\/\/www.geotechnika.org.pl\/?p=1045"},"modified":"2016-06-24T10:46:08","modified_gmt":"2016-06-24T10:46:08","slug":"z-glebokim-zalem-zawiadamiamy-ze-w-dniu-30-stycznia-2016-r-zmarl-w-wieku-92-lat-prof-dr-hab-inz-zdzislaw-zmudzinsk","status":"publish","type":"post","link":"https:\/\/www.geotechnika.org.pl\/?p=1045","title":{"rendered":"Z g\u0142\u0119bokim \u017calem zawiadamiamy, \u017ce w dniu 30 stycznia 2016 r. zmar\u0142 w wieku 92 lat Prof. dr hab. in\u017c. Zdzis\u0142aw \u017bmudzi\u0144ski"},"content":{"rendered":"<p style=\"text-align: center;\">\u015b. \u2020 p.<br \/>\n<strong>Prof. dr hab. in\u017c. Zdzis\u0142aw \u017bmudzi\u0144ski<br \/>\n<a href=\"http:\/\/www.geotechnika.org.pl\/wp-content\/uploads\/2015\/01\/Zdzis\u0142aw-\u017bmudzi\u0144ski.jpg\"><img loading=\"lazy\" decoding=\"async\" class=\" size-full wp-image-321 aligncenter\" src=\"http:\/\/www.geotechnika.org.pl\/wp-content\/uploads\/2015\/01\/Zdzis\u0142aw-\u017bmudzi\u0144ski.jpg\" alt=\"Zdzis\u0142aw \u017bmudzi\u0144ski\" width=\"239\" height=\"320\" srcset=\"https:\/\/www.geotechnika.org.pl\/wp-content\/uploads\/2015\/01\/Zdzis\u0142aw-\u017bmudzi\u0144ski.jpg 239w, https:\/\/www.geotechnika.org.pl\/wp-content\/uploads\/2015\/01\/Zdzis\u0142aw-\u017bmudzi\u0144ski-224x300.jpg 224w\" sizes=\"auto, (max-width: 239px) 100vw, 239px\" \/><\/a><\/strong>Honorowy Cz\u0142onek Polskiego Komitetu Geotechniki, by\u0142y kierownik Zak\u0142adu Fundamentowania w Instytucie Geotechniki Politechniki Krakowskiej, prodziekan Wydzia\u0142u Budownictwa Wodnego (1971-1973)<br \/>\noraz dyrektor Instytutu Geotechniki (1974-1979 i 1990-1994) Politechniki Krakowskiej.<br \/>\nAutor cenionych publikacji, uznany konstruktor, wsp\u00f3\u0142autor wielu polskich norm i wychowawca wielu pokole\u0144 in\u017cynier\u00f3w.<br \/>\nRodzinie Zmar\u0142ego sk\u0142adamy wyrazy g\u0142\u0119bokiego wsp\u00f3\u0142czucia.<br \/>\nZarz\u0105d Polskiego Komitetu Geotechniki<br \/>\nUroczysto\u015bci pogrzebowe odby\u0142y si\u0119 w dniu 5 lutego na Cmentarzu Rakowickim w Krakowie.<\/p>\n","protected":false},"excerpt":{"rendered":"<p>\u015b. \u2020 p. Prof. dr hab. in\u017c. Zdzis\u0142aw \u017bmudzi\u0144ski Honorowy Cz\u0142onek Polskiego Komitetu Geotechniki, by\u0142y kierownik Zak\u0142adu Fundamentowania w Instytucie Geotechniki Politechniki Krakowskiej, prodziekan Wydzia\u0142u Budownictwa Wodnego (1971-1973) oraz dyrektor Instytutu Geotechniki (1974-1979 i 1990-1994) Politechniki Krakowskiej. Autor cenionych publikacji, uznany konstruktor, wsp\u00f3\u0142autor wielu polskich norm i wychowawca wielu pokole\u0144 in\u017cynier\u00f3w. Rodzinie Zmar\u0142ego sk\u0142adamy wyrazy [&hellip;]<\/p>\n","protected":false},"author":1,"featured_media":321,"comment_status":"closed","ping_status":"closed","sticky":false,"template":"","format":"standard","meta":{"footnotes":""},"categories":[23,21],"tags":[],"class_list":["post-1045","post","type-post","status-publish","format-standard","has-post-thumbnail","hentry","category-aktualnosci","category-aktualnosci-glowna"],"_links":{"self":[{"href":"https:\/\/www.geotechnika.org.pl\/index.php?rest_route=\/wp\/v2\/posts\/1045","targetHints":{"allow":["GET"]}}],"collection":[{"href":"https:\/\/www.geotechnika.org.pl\/index.php?rest_route=\/wp\/v2\/posts"}],"about":[{"href":"https:\/\/www.geotechnika.org.pl\/index.php?rest_route=\/wp\/v2\/types\/post"}],"author":[{"embeddable":true,"href":"https:\/\/www.geotechnika.org.pl\/index.php?rest_route=\/wp\/v2\/users\/1"}],"replies":[{"embeddable":true,"href":"https:\/\/www.geotechnika.org.pl\/index.php?rest_route=%2Fwp%2Fv2%2Fcomments&post=1045"}],"version-history":[{"count":2,"href":"https:\/\/www.geotechnika.org.pl\/index.php?rest_route=\/wp\/v2\/posts\/1045\/revisions"}],"predecessor-version":[{"id":1145,"href":"https:\/\/www.geotechnika.org.pl\/index.php?rest_route=\/wp\/v2\/posts\/1045\/revisions\/1145"}],"wp:featuredmedia":[{"embeddable":true,"href":"https:\/\/www.geotechnika.org.pl\/index.php?rest_route=\/wp\/v2\/media\/321"}],"wp:attachment":[{"href":"https:\/\/www.geotechnika.org.pl\/index.php?rest_route=%2Fwp%2Fv2%2Fmedia&parent=1045"}],"wp:term":[{"taxonomy":"category","embeddable":true,"href":"https:\/\/www.geotechnika.org.pl\/index.php?rest_route=%2Fwp%2Fv2%2Fcategories&post=1045"},{"taxonomy":"post_tag","embeddable":true,"href":"https:\/\/www.geotechnika.org.pl\/index.php?rest_route=%2Fwp%2Fv2%2Ftags&post=1045"}],"curies":[{"name":"wp","href":"https:\/\/api.w.org\/{rel}","templated":true}]}}