{"id":1053,"date":"2016-03-08T11:58:12","date_gmt":"2016-03-08T11:58:12","guid":{"rendered":"http:\/\/www.geotechnika.org.pl\/?p=1053"},"modified":"2016-03-08T12:00:59","modified_gmt":"2016-03-08T12:00:59","slug":"z-glebokim-zalem-zawiadamiamy-ze-w-dniu-5-marca-2016-r-zmarl-w-wieku-68-lat-prof-dr-hab-inz-andrzej-sawicki","status":"publish","type":"post","link":"https:\/\/www.geotechnika.org.pl\/?p=1053","title":{"rendered":"Z g\u0142\u0119bokim \u017calem zawiadamiamy, \u017ce w dniu 5 marca 2016 r. zmar\u0142 w wieku 68 lat  Prof. dr hab. in\u017c. Andrzej Sawicki"},"content":{"rendered":"<p style=\"text-align: center;\">\u015b. \u2020 p.<\/p>\n<p style=\"text-align: center;\"><strong>Prof. dr hab. in\u017c. Andrzej Sawicki<\/strong><\/p>\n<p style=\"text-align: center;\"><img loading=\"lazy\" decoding=\"async\" class=\"aligncenter size-full wp-image-1055\" src=\"http:\/\/www.geotechnika.org.pl\/wp-content\/uploads\/2016\/03\/A.Sawicki.jpg\" alt=\"A.Sawicki\" width=\"221\" height=\"291\" \/><\/p>\n<p style=\"text-align: center;\">Dyrektor Instytutu Budownictwa Wodnego<br \/>\nPolskiej Akademii Nauk w Gda\u0144sku.<\/p>\n<p style=\"text-align: center;\">Autor wielu cenionych publikacji, wybitny specjalista w zakresie mechaniki grunt\u00f3w sypkich<br \/>\ni up\u0142ynnienia grunt\u00f3w, wychowawca wielu pokole\u0144 pracownik\u00f3w nauki.<\/p>\n<p style=\"text-align: center;\">Msza \u015aw. odb\u0119dzie si\u0119 10 marca 2016 r. o godz. 11:00<br \/>\nw Ko\u015bciele pw. NMP Kr\u00f3lowej R\u00f3\u017ca\u0144ca \u015awi\u0119tego<br \/>\n(okr\u0105glak, g\u00f3rny poziom) na Przymorzu w Gda\u0144sku.<br \/>\nUroczysto\u015bci pogrzebowe rozpoczn\u0105 si\u0119 tego samego dnia<br \/>\no godz. 12:30 w kaplicy na cmentarzu w Gda\u0144sku-Oliwie.<\/p>\n","protected":false},"excerpt":{"rendered":"<p>\u015b. \u2020 p. Prof. dr hab. in\u017c. Andrzej Sawicki Dyrektor Instytutu Budownictwa Wodnego Polskiej Akademii Nauk w Gda\u0144sku. Autor wielu cenionych publikacji, wybitny specjalista w zakresie mechaniki grunt\u00f3w sypkich i up\u0142ynnienia grunt\u00f3w, wychowawca wielu pokole\u0144 pracownik\u00f3w nauki. Msza \u015aw. odb\u0119dzie si\u0119 10 marca 2016 r. o godz. 11:00 w Ko\u015bciele pw. NMP Kr\u00f3lowej R\u00f3\u017ca\u0144ca \u015awi\u0119tego [&hellip;]<\/p>\n","protected":false},"author":1,"featured_media":1055,"comment_status":"closed","ping_status":"closed","sticky":false,"template":"","format":"standard","meta":{"footnotes":""},"categories":[23,21],"tags":[],"class_list":["post-1053","post","type-post","status-publish","format-standard","has-post-thumbnail","hentry","category-aktualnosci","category-aktualnosci-glowna"],"_links":{"self":[{"href":"https:\/\/www.geotechnika.org.pl\/index.php?rest_route=\/wp\/v2\/posts\/1053","targetHints":{"allow":["GET"]}}],"collection":[{"href":"https:\/\/www.geotechnika.org.pl\/index.php?rest_route=\/wp\/v2\/posts"}],"about":[{"href":"https:\/\/www.geotechnika.org.pl\/index.php?rest_route=\/wp\/v2\/types\/post"}],"author":[{"embeddable":true,"href":"https:\/\/www.geotechnika.org.pl\/index.php?rest_route=\/wp\/v2\/users\/1"}],"replies":[{"embeddable":true,"href":"https:\/\/www.geotechnika.org.pl\/index.php?rest_route=%2Fwp%2Fv2%2Fcomments&post=1053"}],"version-history":[{"count":2,"href":"https:\/\/www.geotechnika.org.pl\/index.php?rest_route=\/wp\/v2\/posts\/1053\/revisions"}],"predecessor-version":[{"id":1061,"href":"https:\/\/www.geotechnika.org.pl\/index.php?rest_route=\/wp\/v2\/posts\/1053\/revisions\/1061"}],"wp:featuredmedia":[{"embeddable":true,"href":"https:\/\/www.geotechnika.org.pl\/index.php?rest_route=\/wp\/v2\/media\/1055"}],"wp:attachment":[{"href":"https:\/\/www.geotechnika.org.pl\/index.php?rest_route=%2Fwp%2Fv2%2Fmedia&parent=1053"}],"wp:term":[{"taxonomy":"category","embeddable":true,"href":"https:\/\/www.geotechnika.org.pl\/index.php?rest_route=%2Fwp%2Fv2%2Fcategories&post=1053"},{"taxonomy":"post_tag","embeddable":true,"href":"https:\/\/www.geotechnika.org.pl\/index.php?rest_route=%2Fwp%2Fv2%2Ftags&post=1053"}],"curies":[{"name":"wp","href":"https:\/\/api.w.org\/{rel}","templated":true}]}}