{"id":1287,"date":"2018-09-14T10:38:39","date_gmt":"2018-09-14T10:38:39","guid":{"rendered":"http:\/\/www.geotechnika.org.pl\/?p=1287"},"modified":"2018-09-14T10:55:35","modified_gmt":"2018-09-14T10:55:35","slug":"zmarl-dr-hab-inz-adam-bolt-prof-pg","status":"publish","type":"post","link":"https:\/\/www.geotechnika.org.pl\/?p=1287","title":{"rendered":"Zmar\u0142 Dr hab. in\u017c. Adam Bolt, prof. PG"},"content":{"rendered":"<p style=\"text-align: center;\">Z g\u0142\u0119bokim \u017calem zawiadamiamy, \u017ce w dniu 13 wrze\u015bnia 2018 r. zmar\u0142 w wieku 74 lat<br \/>\nDr hab. in\u017c.\u00a0Adam Bolt,\u00a0prof. PG<\/p>\n<p><img loading=\"lazy\" decoding=\"async\" class=\"size-full wp-image-1288 aligncenter\" src=\"http:\/\/www.geotechnika.org.pl\/wp-content\/uploads\/2018\/09\/Adam_Bolt.jpg\" alt=\"\" width=\"177\" height=\"247\" \/><\/p>\n<p style=\"text-align: center;\">\u015b \u2020 p<\/p>\n<p style=\"text-align: center;\"><strong>Dr hab. in\u017c.\u00a0Adam Bolt,\u00a0prof. PG<\/strong><\/p>\n<p>By\u0142y kierownik Katedry Budownictwa Wodnego i Gospodarki Wodnej Politechniki Gda\u0144skiej, a nast\u0119pnie Katedry Budownictwa Wodnego i Morskiego, wieloletni kierownik Laboratorium Geotechniki, by\u0142y Prodziekan na Wydziale Budownictwa Wodnego i In\u017cynierii \u015arodowiska Politechniki Gda\u0144skiej, znakomity dydaktyk i wybitny specjalista w dziedzinie Geotechniki i Hydrotechniki, serdeczny i oddany Kolega i Przyjaciel.<\/p>\n<p style=\"text-align: center;\">Rodzinie Zmar\u0142ego sk\u0142adamy wyrazy g\u0142\u0119bokiego wsp\u00f3\u0142czucia.<\/p>\n<p style=\"text-align: center;\">Zarz\u0105d Polskiego Komitetu Geotechniki<\/p>\n<p>Msza \u015bwi\u0119ta \u017ca\u0142obna zostanie odprawiona 18 wrze\u015bnia 2018 roku o godz. 11.30 w ko\u015bciele pw. Naj\u015bwi\u0119tszego Serca Pana Jezusa w Sopocie. Ceremonia pogrzebowa odb\u0119dzie si\u0119 o godz. 12.15 na Cmentarzu Katolickim w Sopocie przy ul. Malczewskiego.<\/p>\n","protected":false},"excerpt":{"rendered":"<p>Z g\u0142\u0119bokim \u017calem zawiadamiamy, \u017ce w dniu 13 wrze\u015bnia 2018 r. zmar\u0142 w wieku 74 lat Dr hab. in\u017c.\u00a0Adam Bolt,\u00a0prof. PG \u015b \u2020 p Dr hab. in\u017c.\u00a0Adam Bolt,\u00a0prof. PG By\u0142y kierownik Katedry Budownictwa Wodnego i Gospodarki Wodnej Politechniki Gda\u0144skiej, a nast\u0119pnie Katedry Budownictwa Wodnego i Morskiego, wieloletni kierownik Laboratorium Geotechniki, by\u0142y Prodziekan na Wydziale Budownictwa [&hellip;]<\/p>\n","protected":false},"author":1,"featured_media":1288,"comment_status":"closed","ping_status":"closed","sticky":false,"template":"","format":"standard","meta":{"footnotes":""},"categories":[23,21],"tags":[],"class_list":["post-1287","post","type-post","status-publish","format-standard","has-post-thumbnail","hentry","category-aktualnosci","category-aktualnosci-glowna"],"_links":{"self":[{"href":"https:\/\/www.geotechnika.org.pl\/index.php?rest_route=\/wp\/v2\/posts\/1287","targetHints":{"allow":["GET"]}}],"collection":[{"href":"https:\/\/www.geotechnika.org.pl\/index.php?rest_route=\/wp\/v2\/posts"}],"about":[{"href":"https:\/\/www.geotechnika.org.pl\/index.php?rest_route=\/wp\/v2\/types\/post"}],"author":[{"embeddable":true,"href":"https:\/\/www.geotechnika.org.pl\/index.php?rest_route=\/wp\/v2\/users\/1"}],"replies":[{"embeddable":true,"href":"https:\/\/www.geotechnika.org.pl\/index.php?rest_route=%2Fwp%2Fv2%2Fcomments&post=1287"}],"version-history":[{"count":5,"href":"https:\/\/www.geotechnika.org.pl\/index.php?rest_route=\/wp\/v2\/posts\/1287\/revisions"}],"predecessor-version":[{"id":1293,"href":"https:\/\/www.geotechnika.org.pl\/index.php?rest_route=\/wp\/v2\/posts\/1287\/revisions\/1293"}],"wp:featuredmedia":[{"embeddable":true,"href":"https:\/\/www.geotechnika.org.pl\/index.php?rest_route=\/wp\/v2\/media\/1288"}],"wp:attachment":[{"href":"https:\/\/www.geotechnika.org.pl\/index.php?rest_route=%2Fwp%2Fv2%2Fmedia&parent=1287"}],"wp:term":[{"taxonomy":"category","embeddable":true,"href":"https:\/\/www.geotechnika.org.pl\/index.php?rest_route=%2Fwp%2Fv2%2Fcategories&post=1287"},{"taxonomy":"post_tag","embeddable":true,"href":"https:\/\/www.geotechnika.org.pl\/index.php?rest_route=%2Fwp%2Fv2%2Ftags&post=1287"}],"curies":[{"name":"wp","href":"https:\/\/api.w.org\/{rel}","templated":true}]}}