{"id":1295,"date":"2018-11-30T08:05:12","date_gmt":"2018-11-30T08:05:12","guid":{"rendered":"http:\/\/www.geotechnika.org.pl\/?p=1295"},"modified":"2018-11-30T08:08:46","modified_gmt":"2018-11-30T08:08:46","slug":"iii-konferencja-naukowo-techniczna-progeotech-2019-projektowanie-geotechniczne-doswiadczenia-i-perspektywy","status":"publish","type":"post","link":"https:\/\/www.geotechnika.org.pl\/?p=1295","title":{"rendered":"III Konferencja Naukowo-Techniczna  ProGeotech 2019  \u201eProjektowanie geotechniczne \u2013 do\u015bwiadczenia i perspektywy\u201d"},"content":{"rendered":"<p>Polski Komitet Geotechniki i Oddzia\u0142 Sto\u0142eczny PKG wsp\u00f3lnie z Katedr\u0105 Geoin\u017cynierii Wydzia\u0142u Budownictwa i In\u017cynierii \u015arodowiska Szko\u0142y G\u0142\u00f3wnej Gospodarstwa Wiejskiego w Warszawie maj\u0105 zaszczyt zaprosi\u0107 na III Konferencj\u0119 Naukowo-Techniczn\u0105 <strong>ProGeotech 2019<\/strong>, kt\u00f3ra odb\u0119dzie si\u0119 w dniach 3-4 lipca 2019 r. w Laboratorium Centrum Wodne SGGW przy ul. Ciszewskiego 6 w Warszawie.<\/p>\n<p>W ramach konferencji \u201e<strong><em>Projektowanie geotechniczne \u2013 do\u015bwiadczenia i perspektywy<\/em><\/strong>\u201d prowadzone b\u0119d\u0105 obrady w dw\u00f3ch sesjach tematycznych: <em>sesja I \u2013 Parametry geotechniczne<\/em> oraz <em>sesja II \u2013 Analiza numeryczna w projektowaniu geotechnicznym<\/em>. Podczas konferencji w sesji I poruszone zostan\u0105 zagadnienia zwi\u0105zane z geotechnicznymi badaniami laboratoryjnymi i terenowymi oraz niepewno\u015bci\u0105, ryzykiem i statystyk\u0105 w geotechnice. Celem sesji II b\u0119dzie wymiana do\u015bwiadcze\u0144 i podj\u0119cie dyskusji w zakresie modeli pod\u0142o\u017ca gruntowego, analizy numerycznej 2D i 3D oraz geotechniki w BIM (Building Information Modeling). W programie konferencji przewidziana jest r\u00f3wnie\u017c sesja promocyjno-szkoleniowa firm geotechnicznych.<\/p>\n<p>Szczeg\u00f3\u0142owe informacje dotycz\u0105ce konferencji dost\u0119pne s\u0105 na stronie internetowej: <a href=\"http:\/\/progeotech2019.kg.sggw.pl\/\">http:\/\/progeotech2019.kg.sggw.pl\/<\/a><\/p>\n<p><a href=\"http:\/\/www.geotechnika.org.pl\/wp-content\/uploads\/2018\/11\/Konf_N-T_Warszawa_2019_Komunikat_I.pdf\" class=\"mtli_attachment mtli_pdf\">Komunikat_I<\/a><\/p>\n<p>&nbsp;<\/p>\n","protected":false},"excerpt":{"rendered":"<p>Polski Komitet Geotechniki i Oddzia\u0142 Sto\u0142eczny PKG wsp\u00f3lnie z Katedr\u0105 Geoin\u017cynierii Wydzia\u0142u Budownictwa i In\u017cynierii \u015arodowiska Szko\u0142y G\u0142\u00f3wnej Gospodarstwa Wiejskiego w Warszawie maj\u0105 zaszczyt zaprosi\u0107 na III Konferencj\u0119 Naukowo-Techniczn\u0105 ProGeotech 2019, kt\u00f3ra odb\u0119dzie si\u0119 w dniach 3-4 lipca 2019 r. w Laboratorium Centrum Wodne SGGW przy ul. Ciszewskiego 6 w Warszawie. W ramach konferencji \u201eProjektowanie [&hellip;]<\/p>\n","protected":false},"author":1,"featured_media":1030,"comment_status":"closed","ping_status":"closed","sticky":false,"template":"","format":"standard","meta":{"footnotes":""},"categories":[23,5],"tags":[],"class_list":["post-1295","post","type-post","status-publish","format-standard","has-post-thumbnail","hentry","category-aktualnosci","category-wydarzenia"],"_links":{"self":[{"href":"https:\/\/www.geotechnika.org.pl\/index.php?rest_route=\/wp\/v2\/posts\/1295","targetHints":{"allow":["GET"]}}],"collection":[{"href":"https:\/\/www.geotechnika.org.pl\/index.php?rest_route=\/wp\/v2\/posts"}],"about":[{"href":"https:\/\/www.geotechnika.org.pl\/index.php?rest_route=\/wp\/v2\/types\/post"}],"author":[{"embeddable":true,"href":"https:\/\/www.geotechnika.org.pl\/index.php?rest_route=\/wp\/v2\/users\/1"}],"replies":[{"embeddable":true,"href":"https:\/\/www.geotechnika.org.pl\/index.php?rest_route=%2Fwp%2Fv2%2Fcomments&post=1295"}],"version-history":[{"count":2,"href":"https:\/\/www.geotechnika.org.pl\/index.php?rest_route=\/wp\/v2\/posts\/1295\/revisions"}],"predecessor-version":[{"id":1298,"href":"https:\/\/www.geotechnika.org.pl\/index.php?rest_route=\/wp\/v2\/posts\/1295\/revisions\/1298"}],"wp:featuredmedia":[{"embeddable":true,"href":"https:\/\/www.geotechnika.org.pl\/index.php?rest_route=\/wp\/v2\/media\/1030"}],"wp:attachment":[{"href":"https:\/\/www.geotechnika.org.pl\/index.php?rest_route=%2Fwp%2Fv2%2Fmedia&parent=1295"}],"wp:term":[{"taxonomy":"category","embeddable":true,"href":"https:\/\/www.geotechnika.org.pl\/index.php?rest_route=%2Fwp%2Fv2%2Fcategories&post=1295"},{"taxonomy":"post_tag","embeddable":true,"href":"https:\/\/www.geotechnika.org.pl\/index.php?rest_route=%2Fwp%2Fv2%2Ftags&post=1295"}],"curies":[{"name":"wp","href":"https:\/\/api.w.org\/{rel}","templated":true}]}}