{"id":1330,"date":"2021-09-24T07:31:22","date_gmt":"2021-09-24T07:31:22","guid":{"rendered":"https:\/\/www.geotechnika.org.pl\/?p=1330"},"modified":"2021-09-24T19:25:59","modified_gmt":"2021-09-24T19:25:59","slug":"zmarl-prof-zw-dr-hab-inz-wojciech-wolski","status":"publish","type":"post","link":"https:\/\/www.geotechnika.org.pl\/?p=1330","title":{"rendered":"Zmar\u0142 Prof. zw. dr hab. in\u017c. Wojciech Wolski"},"content":{"rendered":"\n<p>Z g\u0142\u0119bokim \u017calem zawiadamiamy, \u017ce w dniu 20 wrze\u015bnia 2021 r. zmar\u0142&nbsp;prof. zw. dr hab. in\u017c. Wojciech Wolski, d\u0142ugoletni Sekretarz, Wiceprezydent i Honorowy Cz\u0142onek Polskiego Komitetu Geotechniki.<\/p>\n\n\n\n<div class=\"wp-block-image\"><figure class=\"aligncenter size-large\"><img loading=\"lazy\" decoding=\"async\" width=\"230\" height=\"272\" src=\"https:\/\/www.geotechnika.org.pl\/wp-content\/uploads\/2021\/09\/Prof_Wojciech_Wolski.jpg\" alt=\"Prof. Wojciech Wolski\" class=\"wp-image-1334\"\/><\/figure><\/div>\n\n\n\n<p>Doktor Honoris Causa, Prorektor Szko\u0142y G\u0142\u00f3wnej Gospodarstwa Wiejskiego w Warszawie, Dziekan Wydzia\u0142u Melioracji Wodnych, Kierownik Katedry Geotechniki.<br>Wybitny Naukowiec i Specjalista o uznaniu mi\u0119dzynarodowym.<br>Szanowany wychowawca wielu pokole\u0144 in\u017cynier\u00f3w budownictwa, specjalist\u00f3w geotechnik\u00f3w i hydrotechnik\u00f3w.<br>Cz\u0142owiek o szerokich horyzontach i kulturze osobistej.<\/p>\n\n\n\n<p>Prezydent i Zarz\u0105d Polskiego Komitetu Geotechniki<\/p>\n\n\n\n<p>Uroczysto\u015bci pogrzebowe rozpoczn\u0105 si\u0119 w dniu 30 wrze\u015bnia.2021 r. (czwartek) o godzinie 10:00 w Ko\u015bciele pw. \u015bw. Karola Boromeusza na Pow\u0105zkach w Warszawie, ul. Pow\u0105zkowska 14.<\/p>\n","protected":false},"excerpt":{"rendered":"<p>Z g\u0142\u0119bokim \u017calem zawiadamiamy, \u017ce w dniu 20 wrze\u015bnia 2021 r. zmar\u0142&nbsp;prof. zw. dr hab. in\u017c. Wojciech Wolski, d\u0142ugoletni Sekretarz, Wiceprezydent i Honorowy Cz\u0142onek Polskiego Komitetu Geotechniki. Doktor Honoris Causa, Prorektor Szko\u0142y G\u0142\u00f3wnej Gospodarstwa Wiejskiego w Warszawie, Dziekan Wydzia\u0142u Melioracji Wodnych, Kierownik Katedry Geotechniki.Wybitny Naukowiec i Specjalista o uznaniu mi\u0119dzynarodowym.Szanowany wychowawca wielu pokole\u0144 in\u017cynier\u00f3w budownictwa, [&hellip;]<\/p>\n","protected":false},"author":1,"featured_media":1334,"comment_status":"closed","ping_status":"closed","sticky":false,"template":"","format":"standard","meta":{"footnotes":""},"categories":[23,21],"tags":[],"class_list":["post-1330","post","type-post","status-publish","format-standard","has-post-thumbnail","hentry","category-aktualnosci","category-aktualnosci-glowna"],"_links":{"self":[{"href":"https:\/\/www.geotechnika.org.pl\/index.php?rest_route=\/wp\/v2\/posts\/1330","targetHints":{"allow":["GET"]}}],"collection":[{"href":"https:\/\/www.geotechnika.org.pl\/index.php?rest_route=\/wp\/v2\/posts"}],"about":[{"href":"https:\/\/www.geotechnika.org.pl\/index.php?rest_route=\/wp\/v2\/types\/post"}],"author":[{"embeddable":true,"href":"https:\/\/www.geotechnika.org.pl\/index.php?rest_route=\/wp\/v2\/users\/1"}],"replies":[{"embeddable":true,"href":"https:\/\/www.geotechnika.org.pl\/index.php?rest_route=%2Fwp%2Fv2%2Fcomments&post=1330"}],"version-history":[{"count":2,"href":"https:\/\/www.geotechnika.org.pl\/index.php?rest_route=\/wp\/v2\/posts\/1330\/revisions"}],"predecessor-version":[{"id":1335,"href":"https:\/\/www.geotechnika.org.pl\/index.php?rest_route=\/wp\/v2\/posts\/1330\/revisions\/1335"}],"wp:featuredmedia":[{"embeddable":true,"href":"https:\/\/www.geotechnika.org.pl\/index.php?rest_route=\/wp\/v2\/media\/1334"}],"wp:attachment":[{"href":"https:\/\/www.geotechnika.org.pl\/index.php?rest_route=%2Fwp%2Fv2%2Fmedia&parent=1330"}],"wp:term":[{"taxonomy":"category","embeddable":true,"href":"https:\/\/www.geotechnika.org.pl\/index.php?rest_route=%2Fwp%2Fv2%2Fcategories&post=1330"},{"taxonomy":"post_tag","embeddable":true,"href":"https:\/\/www.geotechnika.org.pl\/index.php?rest_route=%2Fwp%2Fv2%2Ftags&post=1330"}],"curies":[{"name":"wp","href":"https:\/\/api.w.org\/{rel}","templated":true}]}}