{"id":1457,"date":"2024-07-18T21:35:38","date_gmt":"2024-07-18T19:35:38","guid":{"rendered":"https:\/\/www.geotechnika.org.pl\/?p=1457"},"modified":"2024-07-18T21:36:39","modified_gmt":"2024-07-18T19:36:39","slug":"zmarl-prof-dr-hab-inz-maciej-werno","status":"publish","type":"post","link":"https:\/\/www.geotechnika.org.pl\/?p=1457","title":{"rendered":"Zmar\u0142 Prof. dr hab. in\u017c. Maciej Werno"},"content":{"rendered":"<p style=\"text-align: center;\">Z g\u0142\u0119bokim \u017calem zawiadamiamy, \u017ce w dniu 16 lipca 2024 r.<br \/>\nzmar\u0142 w wieku 86 lat<\/p>\n<p style=\"text-align: center;\">\u015b. \u2020 p.<a href=\"https:\/\/www.geotechnika.org.pl\/wp-content\/uploads\/2024\/07\/Maciej-Werno.jpg\"><img loading=\"lazy\" decoding=\"async\" class=\"size-medium wp-image-1458 aligncenter\" src=\"https:\/\/www.geotechnika.org.pl\/wp-content\/uploads\/2024\/07\/Maciej-Werno-220x300.jpg\" alt=\"Maciej Werno\" width=\"220\" height=\"300\" srcset=\"https:\/\/www.geotechnika.org.pl\/wp-content\/uploads\/2024\/07\/Maciej-Werno-220x300.jpg 220w, https:\/\/www.geotechnika.org.pl\/wp-content\/uploads\/2024\/07\/Maciej-Werno.jpg 277w\" sizes=\"auto, (max-width: 220px) 100vw, 220px\" \/><\/a><\/p>\n<p style=\"text-align: center;\"><strong>Prof. dr hab. in\u017c. Maciej Werno<\/strong><\/p>\n<p style=\"text-align: center;\"><strong>\u00a0<\/strong><\/p>\n<p style=\"text-align: center;\">Autor wielu cenionych publikacji, wybitny specjalista w zakresie geotechniki stosowanej,<br \/>\nwychowawca wielu pracownik\u00f3w nauki i student\u00f3w.<\/p>\n<p style=\"text-align: center;\">W uznaniu dzia\u0142alno\u015bci naukowo-badawczej i wdro\u017ceniowej na rzecz przemys\u0142u miedziowego dwukrotnie wyr\u00f3\u017cniony nagrod\u0105 zespo\u0142ow\u0105 Ministra Szkolnictwa Wy\u017cszego i Techniki oraz nagrod\u0105 Sekretarza Naukowego Polskiej Akademii Nauk, a tak\u017ce Z\u0142otym Krzy\u017cem Zas\u0142ugi i kilkoma odznaczeniami resortowymi.<\/p>\n<p style=\"text-align: center;\">Zwi\u0105zany zawodowo z Instytutem Budownictwa Wodnego Polskiej Akademii Nauk w Gda\u0144sku, Instytutem Morskim w Gda\u0144sku oraz Wydzia\u0142em Budownictwa i In\u017cynierii \u015arodowiska Politechniki Koszali\u0144skiej.<\/p>\n<p style=\"text-align: center;\">Rodzinie Zmar\u0142ego sk\u0142adamy wyrazy g\u0142\u0119bokiego wsp\u00f3\u0142czucia.<br \/>\nPrezydent i Zarz\u0105d Polskiego Komitetu Geotechniki<\/p>\n<p style=\"text-align: center;\">Uroczysto\u015bci pogrzebowe rozpoczn\u0105 si\u0119 20 lipca 2024 r. (sobota) Msz\u0105 \u015aw. o godz. 11.00<br \/>\nw Kaplicy na cmentarzu Centralnym \u201eSrebrzysko\u201d, ul. Srebrniki 2 w Gda\u0144sku-Wrzeszczu.<br \/>\nWyprowadzenie po Mszy \u015aw. o godz. 12.00.<\/p>\n","protected":false},"excerpt":{"rendered":"<p>Z g\u0142\u0119bokim \u017calem zawiadamiamy, \u017ce w dniu 16 lipca 2024 r. zmar\u0142 w wieku 86 lat \u015b. \u2020 p. Prof. dr hab. in\u017c. Maciej Werno \u00a0 Autor wielu cenionych publikacji, wybitny specjalista w zakresie geotechniki stosowanej, wychowawca wielu pracownik\u00f3w nauki i student\u00f3w. W uznaniu dzia\u0142alno\u015bci naukowo-badawczej i wdro\u017ceniowej na rzecz przemys\u0142u miedziowego dwukrotnie wyr\u00f3\u017cniony nagrod\u0105 [&hellip;]<\/p>\n","protected":false},"author":1,"featured_media":1458,"comment_status":"closed","ping_status":"closed","sticky":false,"template":"","format":"standard","meta":{"footnotes":""},"categories":[23,21],"tags":[],"class_list":["post-1457","post","type-post","status-publish","format-standard","has-post-thumbnail","hentry","category-aktualnosci","category-aktualnosci-glowna"],"_links":{"self":[{"href":"https:\/\/www.geotechnika.org.pl\/index.php?rest_route=\/wp\/v2\/posts\/1457","targetHints":{"allow":["GET"]}}],"collection":[{"href":"https:\/\/www.geotechnika.org.pl\/index.php?rest_route=\/wp\/v2\/posts"}],"about":[{"href":"https:\/\/www.geotechnika.org.pl\/index.php?rest_route=\/wp\/v2\/types\/post"}],"author":[{"embeddable":true,"href":"https:\/\/www.geotechnika.org.pl\/index.php?rest_route=\/wp\/v2\/users\/1"}],"replies":[{"embeddable":true,"href":"https:\/\/www.geotechnika.org.pl\/index.php?rest_route=%2Fwp%2Fv2%2Fcomments&post=1457"}],"version-history":[{"count":1,"href":"https:\/\/www.geotechnika.org.pl\/index.php?rest_route=\/wp\/v2\/posts\/1457\/revisions"}],"predecessor-version":[{"id":1459,"href":"https:\/\/www.geotechnika.org.pl\/index.php?rest_route=\/wp\/v2\/posts\/1457\/revisions\/1459"}],"wp:featuredmedia":[{"embeddable":true,"href":"https:\/\/www.geotechnika.org.pl\/index.php?rest_route=\/wp\/v2\/media\/1458"}],"wp:attachment":[{"href":"https:\/\/www.geotechnika.org.pl\/index.php?rest_route=%2Fwp%2Fv2%2Fmedia&parent=1457"}],"wp:term":[{"taxonomy":"category","embeddable":true,"href":"https:\/\/www.geotechnika.org.pl\/index.php?rest_route=%2Fwp%2Fv2%2Fcategories&post=1457"},{"taxonomy":"post_tag","embeddable":true,"href":"https:\/\/www.geotechnika.org.pl\/index.php?rest_route=%2Fwp%2Fv2%2Ftags&post=1457"}],"curies":[{"name":"wp","href":"https:\/\/api.w.org\/{rel}","templated":true}]}}